{"id":1266745,"date":"2015-07-27T18:04:08","date_gmt":"2015-07-27T15:04:08","guid":{"rendered":"https:\/\/kulturasindustrija.lv\/blogs\/?p=1266745"},"modified":"2016-02-13T16:24:07","modified_gmt":"2016-02-13T13:24:07","slug":"dziesminieku-saiets-jaunpiebalga-2015-g-programma","status":"publish","type":"post","link":"https:\/\/kulturasindustrija.lv\/blogs\/2015\/07\/dziesminieku-saiets-jaunpiebalga-2015-g-programma\/","title":{"rendered":"Dziesminieku saiets Jaunpiebalg\u0101 &#8211; 2015.g. programma"},"content":{"rendered":"<p><a href=\"http:\/\/latvianbardperformances.blogspot.com\/2015\/07\/vislatvijas-dziesminieku-saiets-2015.html\" target=\"_blank\"><img loading=\"lazy\" decoding=\"async\" src=\"http:\/\/2.bp.blogspot.com\/-nYjPOdd1z1E\/VbZFPAh63cI\/AAAAAAAAB2E\/FjZnUYJCbFI\/s1600\/logo_dziesminieki.png\" width=\"135\" height=\"133\" alt=\"Vislatvijas dziesminieki - Dziesminieku saiets Jaunpiebalg\u0101 2015\" class=\"alignleft\" \/><\/a><strong>Ar Kult\u016bras ministrijas un Valsts Kult\u016brkapit\u0101la fonda atbalstu no 7. l\u012bdz 9. augustam Jaunpiebalgas novada dabas saimniec\u012bb\u0101 \u00abLielkr\u016bzes\u00bb notiks 2015. gada Vislatvijas Dziesminieku saiets &#8211; kopum\u0101 \u0146emot, jau 6. p\u0113c k\u0101rtas. Sav\u0101 rado\u0161aj\u0101 veikum\u0101 un sirds ener\u0123ij\u0101 ar klaus\u012bt\u0101jiem dal\u012bsies dziesminieki un dzejnieki no visiem Latvijas novadiem.<\/strong><\/p>\n<div class=\"kultu-into-content-1\" id=\"kultu-2866525311\"><div style=\"margin-top: 10px;margin-right: -30px;margin-bottom: 10px;margin-left: 20px;float: right;width: 120px;height: 240px;\" id=\"kultu-1076507252\"><script async src=\"\/\/pagead2.googlesyndication.com\/pagead\/js\/adsbygoogle.js?client=ca-pub-6504811688609745\" crossorigin=\"anonymous\"><\/script><ins class=\"adsbygoogle\" style=\"display:inline-block;width:120px;height:240px;\" \ndata-ad-client=\"ca-pub-6504811688609745\" \ndata-ad-slot=\"5551060195\"><\/ins> \n<script> \n(adsbygoogle = window.adsbygoogle || []).push({}); \n<\/script>\n<\/div><\/div><p>7. augusta vakaru pulkst. 19-tos ieskandin\u0101s pirmais lielkoncerts. Pusnakt\u012b &#8211; tradicion\u0101l\u0101 nakts sadzied\u0101\u0161an\u0101s pie ugunskuriem &#8211; Tautasdziesmu ugunskura un Autordziesmas un dzejas ugunskura, kuru \u0161ogad kuplin\u0101s gr\u0101matas atv\u0113r\u0161anas sv\u0113tki.<br \/>\n<!--more--><\/p><div class=\"kultu-in-content-2-1\" id=\"kultu-1293509635\"><div style=\"margin-top: 20px;margin-right: auto;margin-bottom: 20px;margin-left: auto;text-align: center;\" id=\"kultu-3301643876\"><div style=\"margin-left:-10px; background-color: white;\">\n<p><center><\/p>\n<div align=\"center\">\n<script async src=\"https:\/\/pagead2.googlesyndication.com\/pagead\/js\/adsbygoogle.js\"><\/script><br \/>\n<!-- pbad --><br \/>\n<ins class=\"adsbygoogle\"\n     style=\"display:block\"\n     data-ad-client=\"ca-pub-6504811688609745\"\n     data-ad-slot=\"8248313425\"\n     data-matched-content-ui-type=\"image_card_stacked\"\n     data-matched-content-rows-num=\"1\"\n     data-matched-content-columns-num=\"3\"\n     data-ad-format=\"autorelaxed\"><\/ins><br \/>\n<script>\n(adsbygoogle = window.adsbygoogle || []).push({});\n\t\t<\/script><\/p>\n<\/div>\n<p><\/center><\/div>\n<p><\/p>\n<\/div><\/div>\n<p style=\"text-align: right;font-size:14px;\">Zane Daugule: \u00ab2013. gada august\u0101 p\u0113c Dziesminieku saieta man k\u013cuva \u017e\u0113l, ka izskan tik daudz labas dzejas un t\u0101 nekur netiek iem\u016b\u017ein\u0101ta. Tie\u0161i t\u0101 esam non\u0101ku\u0161i pie gr\u0101matas \u00abTur dzimu\u0161ais\u00bb, kur\u0101 apkopota Saiet\u0101 radusies, Saietam velt\u012bta vai Saieta iedvesmota dzeja.\u00bb<\/p>\n<p>Gr\u0101matas sast\u0101d\u012bt\u0101ji Zane Daugule un M\u0101ris Sal\u0113js gr\u0101mati\u0146u atv\u0113rs pie Autordziesmu un dzejas ugunskura. Minikoncertu atkl\u0101s Valdis At\u0101ls un Valdis Bisenieks. Gr\u0101mata sast\u0101v no 26 autoru darbiem un gr\u0101matas atv\u0113r\u0161an\u0101 piekritu\u0161i piedal\u012bties \u0161\u0101di autori: Valdis At\u0101ls, Valdis Bisenieks, Egons Pi\u010dners, Jana Egle, M\u0101ris Sal\u0113js, Aleksandra \u017daggere, Zane Daugule, Arnis Mincenhofs, Maija Kalni\u0146a, Valent\u012bns, J\u0101nis Cirvelis, Imants Kulinskis, Inta Rieksti\u0146a.<\/p>\n<p>2.da\u013c\u0101 dzeju pie ugunskura las\u012bs autori Dainis Deigelis, Ieva St\u016bre \u2013 St\u016bri\u0146a, Iveta Ratin\u012bka, Raimonds Knesis un citi. Aicin\u0101ts piedal\u012bties ikviens, kuram ar sav\u0101m dziesm\u0101m un dzeju ir, ko teikt.<\/p>\n<p>Tre\u0161ais dziesminieku ugunskurs pulcin\u0101s uz sadzied\u0101\u0161anos, izpildot da\u017e\u0101du laiku un autoru dziesmas, bet pie ceturt\u0101 ugunskura skan\u0113s Imanta Kalni\u0146a dziesmas, kuras kop\u0101 ar kl\u0101teso\u0161ajiem izpild\u012bs grupa \u00abJumis\u00bb.<\/p>\n<p style=\"text-align: right;font-size:14px;\">Pulksten vienos nakt\u012b ar savu jauno programmu klaus\u012bt\u0101jus uzrun\u0101s m\u016bzi\u0137is un dziesminieks Guntis Veilands un grupa \u00abMasti\u00bb.<\/p>\n<p>Sestdien, 8. august\u0101, dal\u012bbniekiem un klaus\u012bt\u0101jiem rado\u0161aj\u0101 darbn\u012bc\u0101 \u00abDziesminieka darbistaba\u00bb b\u016bs iesp\u0113ja m\u0101c\u012bties dziesminieku dziesmas, sarun\u0101joties un kop\u0101 muzic\u0113jot tuv\u0101k iepaz\u012bt autoru un vi\u0146a pasaules redz\u0113jumu. Dienas ievad\u0101, pulksten 11 \u2013 12, filozofisk\u0101 sarun\u0101 par dziesmu, dziesminieku, skatuvi un dv\u0113seli ar savu auditoriju dal\u012bsies Valdis At\u0101ls. Turpin\u0101jum\u0101, pulksten 12 \u2013 13, ar sav\u0101m sirdsgudraj\u0101m un patiesaj\u0101m dziesm\u0101m &#8211; \u0112riks Loks.<\/p>\n<p>Liep\u0101jnieks Mat\u012bss Pav\u012btols, pulksten 13 \u2013 14, ar klaus\u012bt\u0101jiem dzied\u0101s gan savas, gan sava t\u0113va dziesmas. Nodarb\u012bbu cikla nosl\u0113gum\u0101, pulksten 14 \u2013 15, Dace Priedoli\u0146a kop\u0101 ar interesentiem dzied\u0101s savas pa\u0161sacer\u0113t\u0101s dziesmas.<\/p>\n<p style=\"text-align: right;\"><strong>Dziesminieku saiets &#8216;2015<br \/>\nprogramma \u012bsum\u0101:<\/strong> <a href=\"http:\/\/latvianbardperformances.blogspot.com\/2015\/07\/vislatvijas-dziesminieku-saiets-2015.html\" target=\"_blank\">sk. \u0161eit..<\/a><\/p>\n<h2>Dziesminieku saiet\u0101 notiks ar\u012b latvisk\u0101s dz\u012bveszi\u0146as skola<\/h2>\n<p style=\"text-align: right;font-size:14px;\">Uldis Punksti\u0146\u0161, Valmieras dievturu Bever\u012bnas saimes vad\u012bt\u0101js: \u00abLatvisk\u0101 dz\u012bveszi\u0146a ietver sev\u012b gr\u016btumu, prieku, tautas raksturu un dv\u0113seli. M\u016bsu dz\u012bve noris ne tikai M\u0101riskaj\u0101 horizont\u0101l\u0113, tie\u0161i dziesminieki ir tie, kuri izdzied m\u016bsdienu tautas dv\u0113seli. T\u0101s b\u016bt\u012bb\u0101 ir m\u016bsu laika tautasdziesmas, un dziesminieki ir sen\u0101s tautasdziesmas turpin\u0101t\u0101ji m\u016bsdien\u0101s &#8211; ar m\u016bsdienu izteiksmes l\u012bdzek\u013ciem un m\u016bsdienu dom\u0101\u0161anu.\u00bb<\/p>\n<p>Dz\u012bveszi\u0146as skol\u0101 Latvie\u0161u folkloras kr\u0101tuves p\u0113tnieks un st\u0101stnieks Guntis Pakalns v\u0113st\u012bs par mutv\u0101rdu dai\u013crad\u0113 &#8211; teik\u0101s, pasak\u0101s un spoku st\u0101stos &#8211; ietverto tautas gudr\u012bbu. Andris Kapusts &#8211; folkloras kopas \u00abGrodi\u00bb vad\u012bt\u0101js &#8211; st\u0101st\u012bs par dzied\u0101\u0161anas trad\u012bciju j\u0113gu un noz\u012bmi latvie\u0161u kult\u016br\u0101.<\/p>\n<p style=\"text-align: right;font-size:14px;\">Sestdien pusdienlaik\u0101 var\u0113s tuv\u0101k iepaz\u012bt \u00abLielkr\u016b\u017eu\u00bb vidi \u2013 b\u016btisku saieta kop\u0113j\u0101s gaisotnes da\u013cu. Dzejas, m\u016bzikas un sp\u0113c\u012bg\u0101s latvisk\u0101s vides kopska\u0146u visi interesenti izbaud\u012bs dzejnieces un dziesminieces Janas Egles pulcin\u0101ti, pusotr\u0101 stund\u0101 k\u0101j\u0101m izstaig\u0101jot Dzejas taku<\/p>\n<p>Takas pietur\u0101s muzic\u0113s dziesminieki J\u0101nis Cirvelis, J\u0101nis R\u016bcis, Maija Kalni\u0146a, Zane Daugule. Savu dzeju las\u012bs Ineta Stadgale, M\u0101ris Sal\u0113js, Kristaps Vecgr\u0101vis, Laura Andersone, Sanita Stepena, Valent\u012bns, Arnis Mincenhofs, Linda Grundmane. Lielkr\u016b\u017eu saimnieka Guntara Dolma\u0146a st\u0101st\u012bjums v\u0113st\u012bs par saimniec\u012bbas un Jaunpiebalgas v\u0113sturi, ietverot sev\u012b da\u017e\u0101dus piedz\u012bvojumus, ce\u013c\u0101 var\u0113s apl\u016bkot \u012bpa\u0161us objektus un dabas vietas. S\u0101kums pulksten 12, tik\u0161an\u0101s \u2013 pie Dzejas m\u0101jas. Taka rado\u0161\u0101 gaisotn\u0113 aizved\u012bs g\u0101j\u0113jus uz M\u012blest\u012bbas sali\u0146u, kur pulksten 14 s\u0101ksies Dzejas medit\u0101cija. Taj\u0101 piedal\u012bsies dzejnieki un dziesminieki, lasot savus tekstus, vai citu autoru liter\u0101ru darbu fragmentus, dzejas medit\u0101cijas t\u0113mas \u2013 ritums, daba, m\u012blest\u012bba, iedvesmas avots.<\/p>\n<p style=\"text-align: right;font-size:14px;\">Pulksten 15 skan\u0113jumu s\u0101ks jauno dziesminieku koncerts, pulksten 19 \u2013 otrais saieta lielkoncerts. Pulksten 23 estr\u0101d\u0113 muzic\u0113s dziesminieku P\u0113tera Draguna un Martas Kreituses veidot\u0101 grupa \u00abZ\u0101le\u00bb. Pusnakt\u012b savus klaus\u012bt\u0101jus priec\u0113s saieta viesi \u2013 postfolkloras grupa \u00abI\u013c\u0123i\u00bb.<\/p>\n<p>Sv\u0113tdien, 9. august\u0101, pulksten 12 \u00abLielkr\u016b\u017eu\u00bb kaln\u0101<br \/>\npie ugunskura dziesmota atvad\u012b\u0161an\u0101s l\u012bdz n\u0101kamajam, jau 7. saietam<\/p>\n<p><strong>P\u0101r\u0113jie atbalst\u012bt\u0101ji:<\/strong> vides biedr\u012bba Kr\u016bzes, Austras biedr\u012bba, Latvijas Radio 2, \u017eurn\u0101ls IEVA, SIA Piebalgas alus, SIA Latgales druka, Jaunpiebalgas novada uz\u0146\u0113m\u0113ji P\u0113teris Zivti\u0146\u0161 un Kaspars Zirnis, z\/s Jaun\u0137\u016b\u0123i, z\/s Jaun- Skanu\u013ci, A\/S Cesvaines piens, z\/s \u0136elm\u0113ni, SIA Gandrs Poligr\u0101fija, SIA A- Puce, PKS Straupe, SIA N. Bomja maizn\u012bca Lielezers un ar\u012b citi..<\/p>\n<p style=\"text-align: right;\">Inform\u0101ciju sagatavoja: Sanita Stepena<\/p>\n<div class=\"kultu-after-content\" id=\"kultu-45797145\"><div style=\"margin-top: 10px;margin-right: auto;margin-bottom: 20px;margin-left: auto;text-align: center;clear: both;\" id=\"kultu-2865627892\"><div style=\"margin-left:-10px; background-color: #d4d7db;\"><center><\/p>\n<div align=\"center\">\n<script async src=\"https:\/\/pagead2.googlesyndication.com\/pagead\/js\/adsbygoogle.js\"><\/script><br \/>\n<ins class=\"adsbygoogle\"\n     style=\"display:block; text-align:center;\"\n     data-ad-layout=\"in-article\"\n     data-ad-format=\"fluid\"\n     data-ad-client=\"ca-pub-6504811688609745\"\n     data-ad-slot=\"9862696972\"><\/ins><br \/>\n<script>\n     (adsbygoogle = window.adsbygoogle || []).push({});\n<\/script><\/p>\n<\/div>\n<p><\/center><\/div>\n<p><\/p>\n<\/div><br style=\"clear: both; display: block; float: none;\"\/><\/div><div class=\"kultu-after-content-1\" id=\"kultu-1541667818\"><br \/>\n<h2><span style=\"font-size: 13.5px;\"><strong>Kino m\u0101kslas un kult\u016bras arheolo\u0123ija &#8216;2025<\/strong><\/span><\/h2>\n<div style=\"margin-left: -15px;text-align:right;\">\n<table>\n<tbody>\n<tr>\n<td>\n<h3>KINOTE\u0100TRIS ONLINE pied\u0101v\u0101 le\u0123end\u0101ras filmas<\/h3>\n<p style=\"text-align:left;\">Le\u0123end\u0101ras filmas internet\u0101 &#8211; skat\u012bties PSRS (Padomju) laik\u0101 rad\u012bt\u0101s Mosfi\u013cm m\u0101kslas filmas krievu valod\u0101 un ar subtitriem, leg\u0101li un ori\u0123in\u0101l\u0101 kvalit\u0101t\u0113 online kinote\u0101tr\u012b bez maksas: <a title=\"Kinote\u0101tris online - skat\u012bties internet\u0101 bez maksas le\u0123end\u0101ras Mosfi\u013cm padomju laiku m\u0101kslas filmas leg\u0101li\" rel=\"nofollow noopener noreferrer\" href=\"https:\/\/kulturasindustrija.lv\/filmas\/bezmaksas-pluss-abonements\/#gsc.tab=0&#038;gsc.q=Mosfi%C4%BCm%20filmas\" onclick=\"window.open('https:\/\/megogo.net\/lv\/collection\/mosfilm\/','_blank', 'toolbar=yes,scrollbars=yes,resizable=yes,top=50,left=50,width=1050,height=690');\nreturn true;\"><span style=\"color:green;font-weight:bold\">dv\u0113seliskais padomju kino drudzis \u00bb<\/span><\/a><\/p>\n<p><strong> <\/strong><\/p>\n<p><a title=\"Kinote\u0101tris online - skat\u012bties internet\u0101 bez maksas le\u0123end\u0101ras Mosfi\u013cm padomju laiku m\u0101kslas filmas\" rel=\"nofollow\" href=\"https:\/\/kulturasindustrija.lv\/filmas\/bezmaksas-pluss-abonements\/#gsc.tab=0&#038;gsc.q=Mosfi%C4%BCm%20filmas\" onclick=\"window.open('https:\/\/megogo.net\/lv\/collection\/mosfilm\/','_blank', 'toolbar=yes,scrollbars=yes,resizable=yes,top=50,left=50,width=1050,height=690');\nreturn true;\"><img decoding=\"async\" class=\"center\" \n height=\"85\" alt=\"Kinote\u0101tris online - skat\u012bties internet\u0101 bez maksas le\u0123end\u0101ras Mosfi\u013cm padomju laiku m\u0101kslas filmas leg\u0101li\" title=\"Kinote\u0101tris online - skat\u012bties internet\u0101 leg\u0101li bez maksas le\u0123end\u0101ras Mosfi\u013cm padomju laiku m\u0101kslas filmas\" src=\"https:\/\/kulturasindustrija.lv\/blogs\/wp-content\/uploads\/2016\/07\/poga-mosfilm.png\"\/><\/a><\/p>\n<p><strong> <\/strong><\/p>\n<p style=\"text-align:right;\">Mosfi\u013cm &#8211; t\u0101 ir viena no vec\u0101kaj\u0101m un liel\u0101kaj\u0101m kinostudij\u0101m biju\u0161aj\u0101 Padomju Savien\u012bb\u0101. Mosfi\u013cm kinostudija savas 90 gadu past\u0101v\u0113\u0161anas laik\u0101 ir produc\u0113jusi vair\u0101k k\u0101 2500 pilnmetr\u0101\u017eas filmas. \u0160obr\u012bd kinostudija Mosfi\u013cm ir ieguvusi kinokoncerna statusu, kas sp\u0113j produc\u0113t vair\u0101k k\u0101 simts filmas gad\u0101. Kinostudij\u0101 Mosfi\u013cm tiek film\u0113tas ikviena \u017eanra filmas. Liel\u0101kais vair\u0101kums Krievijas filmas, seri\u0101li u.c. kinoprodukcija tiek rad\u012bta tie\u0161i Mosfi\u013cm pasp\u0101rn\u0113<\/p>\n<p><strong> <\/strong><\/p>\n<p style=\"text-align:left;\"><img loading=\"lazy\" decoding=\"async\" class=\"alignleft size-full wp-image-11553\" style=\"margin-left: 10px;\" src=\"https:\/\/kulturasindustrija.lv\/blogs\/wp-content\/uploads\/2013\/07\/info_icon-poga.png\" alt=\"Filmas online un kult\u016bra * kino m\u0101ksla k\u0101 uz delnas\" width=\"55\" height=\"55\" srcset=\"https:\/\/kulturasindustrija.lv\/blogs\/wp-content\/uploads\/2013\/07\/info_icon-poga.png 160w, https:\/\/kulturasindustrija.lv\/blogs\/wp-content\/uploads\/2013\/07\/info_icon-poga-150x150.png 150w\" sizes=\"auto, (max-width: 55px) 100vw, 55px\" \/>Kinostudij\u0101 Mosfi\u013cm rad\u012bt\u0101s m\u0101kslas filmas daudzas iek\u013cautas ne tikai PSRS vai Krievijas, bet ar\u012b pasaules kino zelta fond\u0101.<\/p>\n<p><strong> <\/strong><br \/>\n<script async src=\"\/\/pagead2.googlesyndication.com\/pagead\/js\/adsbygoogle.js\"><\/script><br \/>\n<!-- Kulturasin-3 --><br \/>\n<ins class=\"adsbygoogle\"\n     style=\"display:inline-block;width:320px;height:100px\"\n     data-ad-client=\"ca-pub-6504811688609745\"\n     data-ad-slot=\"5782034990\"><\/ins><br \/>\n<script>\n(adsbygoogle = window.adsbygoogle || []).push({});\n<\/script>\n<\/td>\n<td width=\"30\"><\/td>\n<td width=\"330\">\n<div style=\"background-color: #d4d7db;\">\n<p><center>TAS VAR\u0112TU TEVI INTERES\u0112T<script async src=\"\/\/pagead2.googlesyndication.com\/pagead\/js\/adsbygoogle.js\"><\/script><br \/>\n<!-- kulturasin 300x600 --><br \/>\n<ins class=\"adsbygoogle\" style=\"display: inline-block; width: 300px; height: 600px;\" data-ad-client=\"ca-pub-6504811688609745\" data-ad-slot=\"3596964590\"><\/ins><br \/>\n<script>\n(adsbygoogle = window.adsbygoogle || []).push({});\n<\/script><\/center><\/p>\n<\/div>\n<\/td>\n<\/tr>\n<\/tbody>\n<\/table>\n<\/div>\n<\/div>","protected":false},"excerpt":{"rendered":"<p>Ar Kult\u016bras ministrijas un Valsts Kult\u016brkapit\u0101la fonda atbalstu no 7. l\u012bdz 9. augustam Jaunpiebalgas novada dabas saimniec\u012bb\u0101 \u00abLielkr\u016bzes\u00bb notiks 2015. gada Vislatvijas Dziesminieku saiets &#8211; kopum\u0101 \u0146emot, jau 6. p\u0113c k\u0101rtas. Sav\u0101 rado\u0161aj\u0101 veikum\u0101 un sirds ener\u0123ij\u0101 ar klaus\u012bt\u0101jiem dal\u012bsies dziesminieki un dzejnieki no visiem Latvijas novadiem. 7. augusta vakaru pulkst. 19-tos ieskandin\u0101s pirmais lielkoncerts. [&hellip;]<\/p>\n","protected":false},"author":1,"featured_media":10525,"comment_status":"closed","ping_status":"closed","sticky":false,"template":"","format":"standard","meta":{"footnotes":""},"categories":[3,165,4],"tags":[231,12,18,49,54,70,91,294,102,155,107,153,146,75],"class_list":["post-1266745","post","type-post","status-publish","format-standard","has-post-thumbnail","hentry","category-dziveszinas-sturitis","category-e-industrija-serviss-apskati","category-zinas-kultura-radosas-industrijas","tag-231","tag-amatnieciba","tag-attistiba","tag-dziesminieki","tag-festivals","tag-izglitiba","tag-kultura","tag-latvija","tag-maksla","tag-makslinieki","tag-muzika","tag-pasakumi","tag-vide","tag-zinas"],"aioseo_notices":[],"_links":{"self":[{"href":"https:\/\/kulturasindustrija.lv\/blogs\/wp-json\/wp\/v2\/posts\/1266745","targetHints":{"allow":["GET"]}}],"collection":[{"href":"https:\/\/kulturasindustrija.lv\/blogs\/wp-json\/wp\/v2\/posts"}],"about":[{"href":"https:\/\/kulturasindustrija.lv\/blogs\/wp-json\/wp\/v2\/types\/post"}],"author":[{"embeddable":true,"href":"https:\/\/kulturasindustrija.lv\/blogs\/wp-json\/wp\/v2\/users\/1"}],"replies":[{"embeddable":true,"href":"https:\/\/kulturasindustrija.lv\/blogs\/wp-json\/wp\/v2\/comments?post=1266745"}],"version-history":[{"count":0,"href":"https:\/\/kulturasindustrija.lv\/blogs\/wp-json\/wp\/v2\/posts\/1266745\/revisions"}],"wp:featuredmedia":[{"embeddable":true,"href":"https:\/\/kulturasindustrija.lv\/blogs\/wp-json\/wp\/v2\/media\/10525"}],"wp:attachment":[{"href":"https:\/\/kulturasindustrija.lv\/blogs\/wp-json\/wp\/v2\/media?parent=1266745"}],"wp:term":[{"taxonomy":"category","embeddable":true,"href":"https:\/\/kulturasindustrija.lv\/blogs\/wp-json\/wp\/v2\/categories?post=1266745"},{"taxonomy":"post_tag","embeddable":true,"href":"https:\/\/kulturasindustrija.lv\/blogs\/wp-json\/wp\/v2\/tags?post=1266745"}],"curies":[{"name":"wp","href":"https:\/\/api.w.org\/{rel}","templated":true}]}}